{"id":437,"date":"2020-03-11T11:51:28","date_gmt":"2020-03-11T11:51:28","guid":{"rendered":"http:\/\/aikido-thueringen.de\/?p=437"},"modified":"2026-04-15T19:35:03","modified_gmt":"2026-04-15T19:35:03","slug":"neuer-termin-zentraltraining-landeskyutraining","status":"publish","type":"post","link":"https:\/\/aikido-thueringen.de\/?p=437","title":{"rendered":"Landeskyutrainings \/ Zentraltrainings M\u00e4rz April abgesagt"},"content":{"rendered":"\n<p>Aufgrund der aktuellen Lage musste sich der Landesverband dazu entschlie\u00dfen, dass die \u00fcberregionalen Trainings im M\u00e4rz und April <strong>abgesagt<\/strong> werden. Das Wohlergehen der Teilnehmenden und ihrer Angeh\u00f6rigen steht f\u00fcr uns an erster Stelle.<br><br> Wie wir weiter verfahren werden, erfahrt Ihr an dieser Stelle immer zeitnah. <\/p>\n","protected":false},"excerpt":{"rendered":"<p>Aufgrund der aktuellen Lage musste sich der Landesverband dazu entschlie\u00dfen, dass die \u00fcberregionalen Trainings im M\u00e4rz und April abgesagt werden. Das Wohlergehen der Teilnehmenden und ihrer Angeh\u00f6rigen steht f\u00fcr uns an erster Stelle. Wie wir weiter verfahren werden, erfahrt Ihr &hellip; <a href=\"https:\/\/aikido-thueringen.de\/?p=437\">Weiterlesen <span class=\"meta-nav\">&rarr;<\/span><\/a><\/p>\n","protected":false},"author":1,"featured_media":0,"comment_status":"closed","ping_status":"open","sticky":false,"template":"","format":"standard","meta":{"footnotes":""},"categories":[2],"tags":[],"class_list":["post-437","post","type-post","status-publish","format-standard","hentry","category-news"],"_links":{"self":[{"href":"https:\/\/aikido-thueringen.de\/index.php?rest_route=\/wp\/v2\/posts\/437","targetHints":{"allow":["GET"]}}],"collection":[{"href":"https:\/\/aikido-thueringen.de\/index.php?rest_route=\/wp\/v2\/posts"}],"about":[{"href":"https:\/\/aikido-thueringen.de\/index.php?rest_route=\/wp\/v2\/types\/post"}],"author":[{"embeddable":true,"href":"https:\/\/aikido-thueringen.de\/index.php?rest_route=\/wp\/v2\/users\/1"}],"replies":[{"embeddable":true,"href":"https:\/\/aikido-thueringen.de\/index.php?rest_route=%2Fwp%2Fv2%2Fcomments&post=437"}],"version-history":[{"count":2,"href":"https:\/\/aikido-thueringen.de\/index.php?rest_route=\/wp\/v2\/posts\/437\/revisions"}],"predecessor-version":[{"id":440,"href":"https:\/\/aikido-thueringen.de\/index.php?rest_route=\/wp\/v2\/posts\/437\/revisions\/440"}],"wp:attachment":[{"href":"https:\/\/aikido-thueringen.de\/index.php?rest_route=%2Fwp%2Fv2%2Fmedia&parent=437"}],"wp:term":[{"taxonomy":"category","embeddable":true,"href":"https:\/\/aikido-thueringen.de\/index.php?rest_route=%2Fwp%2Fv2%2Fcategories&post=437"},{"taxonomy":"post_tag","embeddable":true,"href":"https:\/\/aikido-thueringen.de\/index.php?rest_route=%2Fwp%2Fv2%2Ftags&post=437"}],"curies":[{"name":"wp","href":"https:\/\/api.w.org\/{rel}","templated":true}]}}