{"id":466,"date":"2020-10-02T19:47:37","date_gmt":"2020-10-02T19:47:37","guid":{"rendered":"http:\/\/aikido-thueringen.de\/?p=466"},"modified":"2026-04-15T19:35:03","modified_gmt":"2026-04-15T19:35:03","slug":"erstes-zentraltraining-nach-monaten","status":"publish","type":"post","link":"https:\/\/aikido-thueringen.de\/?p=466","title":{"rendered":"Erstes Zentraltraining nach Monaten"},"content":{"rendered":"\n<p>Am 19. September konnte der Landesverband die ersten Landeskyu- und Zentraltrainings seit Beginn der Coronakrise durchf\u00fchren. Da in Th\u00fcringen im Moment die Gefahrenstufe Gr\u00fcn gilt, war es den Th\u00fcringer Aikidokas \u2014 nat\u00fcrlich unter Einhaltung der \u00f6rtlichen Auflagen \u2014 m\u00f6glich, sich auch wieder untereinander zu treffen und unserer Kampfkunst zu fr\u00f6nen.<br><br>Damit dem auch weiterhin so bleiben kann, ruft der Landesverband weiterhin dazu auf, sich an die notwendigen Ma\u00dfnahmen zu halten und darauf zu hoffen, dass wir um eine neuerliche Zwangspause herumkommen. 2021 kann nur besser werden!<br><br>Wir freuen uns auf Euch und w\u00fcnschen Euch und Eurer Familie beste Gesundheit!<\/p>\n","protected":false},"excerpt":{"rendered":"<p>Am 19. September konnte der Landesverband die ersten Landeskyu- und Zentraltrainings seit Beginn der Coronakrise durchf\u00fchren. Da in Th\u00fcringen im Moment die Gefahrenstufe Gr\u00fcn gilt, war es den Th\u00fcringer Aikidokas \u2014 nat\u00fcrlich unter Einhaltung der \u00f6rtlichen Auflagen \u2014 m\u00f6glich, sich &hellip; <a href=\"https:\/\/aikido-thueringen.de\/?p=466\">Weiterlesen <span class=\"meta-nav\">&rarr;<\/span><\/a><\/p>\n","protected":false},"author":1,"featured_media":0,"comment_status":"closed","ping_status":"open","sticky":false,"template":"","format":"standard","meta":{"footnotes":""},"categories":[2],"tags":[],"class_list":["post-466","post","type-post","status-publish","format-standard","hentry","category-news"],"_links":{"self":[{"href":"https:\/\/aikido-thueringen.de\/index.php?rest_route=\/wp\/v2\/posts\/466","targetHints":{"allow":["GET"]}}],"collection":[{"href":"https:\/\/aikido-thueringen.de\/index.php?rest_route=\/wp\/v2\/posts"}],"about":[{"href":"https:\/\/aikido-thueringen.de\/index.php?rest_route=\/wp\/v2\/types\/post"}],"author":[{"embeddable":true,"href":"https:\/\/aikido-thueringen.de\/index.php?rest_route=\/wp\/v2\/users\/1"}],"replies":[{"embeddable":true,"href":"https:\/\/aikido-thueringen.de\/index.php?rest_route=%2Fwp%2Fv2%2Fcomments&post=466"}],"version-history":[{"count":1,"href":"https:\/\/aikido-thueringen.de\/index.php?rest_route=\/wp\/v2\/posts\/466\/revisions"}],"predecessor-version":[{"id":467,"href":"https:\/\/aikido-thueringen.de\/index.php?rest_route=\/wp\/v2\/posts\/466\/revisions\/467"}],"wp:attachment":[{"href":"https:\/\/aikido-thueringen.de\/index.php?rest_route=%2Fwp%2Fv2%2Fmedia&parent=466"}],"wp:term":[{"taxonomy":"category","embeddable":true,"href":"https:\/\/aikido-thueringen.de\/index.php?rest_route=%2Fwp%2Fv2%2Fcategories&post=466"},{"taxonomy":"post_tag","embeddable":true,"href":"https:\/\/aikido-thueringen.de\/index.php?rest_route=%2Fwp%2Fv2%2Ftags&post=466"}],"curies":[{"name":"wp","href":"https:\/\/api.w.org\/{rel}","templated":true}]}}