{"id":695,"date":"2022-06-15T16:39:00","date_gmt":"2022-06-15T16:39:00","guid":{"rendered":"http:\/\/aikido-thueringen.de\/?p=695"},"modified":"2026-04-15T19:34:44","modified_gmt":"2026-04-15T19:34:44","slug":"wochenlehrgang-2022","status":"publish","type":"post","link":"https:\/\/aikido-thueringen.de\/?p=695","title":{"rendered":"Wochenlehrgang 2022"},"content":{"rendered":"\n<p>Der Termin f\u00fcr den diesj\u00e4hrigen AVTH-Wochenlehrgang steht fest. Unser traditionelles Event findet  <strong>vom 24. bis 29. Juli 2022<\/strong> statt. Die Ausschreibung ist <a rel=\"noreferrer noopener\" href=\"https:\/\/aikido-thueringen.de\/wp-content\/uploads\/2022\/01\/Einladung_WoLe_2022_E-Mail.pdf\" target=\"_blank\">hier<\/a> verf\u00fcgbar.<\/p>\n\n\n\n<p><em>Bei Bedarf kann eine Danpr\u00fcfung stattfinden. Die Anmeldung hierzu erfolgt wie \u00fcblich \u00fcber den Bundesreferenten Pr\u00fcfungswesen im DAB. <\/em><\/p>\n\n\n\n<p>Wir hoffen, euch auch 2022 wieder zahlreich auf der Matte in Bad Blankenburg begr\u00fc\u00dfen zu k\u00f6nnen.<\/p>\n\n\n\n<p><em>Die Teilnahmebest\u00e4tigungen zum Wochenlehrgang wurden versendet. Hoffentlich wurden allen Nachrichten trotz der genannten Probleme (s. u.) zugestellt. Wer die Best\u00e4tigung nicht erhalten hat, m\u00f6ge sich bitte kurzfristig beim Lehrgangsleiter melden.<\/em><\/p>\n","protected":false},"excerpt":{"rendered":"<p>Der Termin f\u00fcr den diesj\u00e4hrigen AVTH-Wochenlehrgang steht fest. Unser traditionelles Event findet vom 24. bis 29. Juli 2022 statt. Die Ausschreibung ist hier verf\u00fcgbar. Bei Bedarf kann eine Danpr\u00fcfung stattfinden. Die Anmeldung hierzu erfolgt wie \u00fcblich \u00fcber den Bundesreferenten Pr\u00fcfungswesen &hellip; <a href=\"https:\/\/aikido-thueringen.de\/?p=695\">Weiterlesen <span class=\"meta-nav\">&rarr;<\/span><\/a><\/p>\n","protected":false},"author":3,"featured_media":705,"comment_status":"closed","ping_status":"open","sticky":false,"template":"","format":"standard","meta":{"footnotes":""},"categories":[2],"tags":[6,8,9],"class_list":["post-695","post","type-post","status-publish","format-standard","has-post-thumbnail","hentry","category-news","tag-lehrgang","tag-wochenlehrgang","tag-wole"],"_links":{"self":[{"href":"https:\/\/aikido-thueringen.de\/index.php?rest_route=\/wp\/v2\/posts\/695","targetHints":{"allow":["GET"]}}],"collection":[{"href":"https:\/\/aikido-thueringen.de\/index.php?rest_route=\/wp\/v2\/posts"}],"about":[{"href":"https:\/\/aikido-thueringen.de\/index.php?rest_route=\/wp\/v2\/types\/post"}],"author":[{"embeddable":true,"href":"https:\/\/aikido-thueringen.de\/index.php?rest_route=\/wp\/v2\/users\/3"}],"replies":[{"embeddable":true,"href":"https:\/\/aikido-thueringen.de\/index.php?rest_route=%2Fwp%2Fv2%2Fcomments&post=695"}],"version-history":[{"count":4,"href":"https:\/\/aikido-thueringen.de\/index.php?rest_route=\/wp\/v2\/posts\/695\/revisions"}],"predecessor-version":[{"id":735,"href":"https:\/\/aikido-thueringen.de\/index.php?rest_route=\/wp\/v2\/posts\/695\/revisions\/735"}],"wp:featuredmedia":[{"embeddable":true,"href":"https:\/\/aikido-thueringen.de\/index.php?rest_route=\/wp\/v2\/media\/705"}],"wp:attachment":[{"href":"https:\/\/aikido-thueringen.de\/index.php?rest_route=%2Fwp%2Fv2%2Fmedia&parent=695"}],"wp:term":[{"taxonomy":"category","embeddable":true,"href":"https:\/\/aikido-thueringen.de\/index.php?rest_route=%2Fwp%2Fv2%2Fcategories&post=695"},{"taxonomy":"post_tag","embeddable":true,"href":"https:\/\/aikido-thueringen.de\/index.php?rest_route=%2Fwp%2Fv2%2Ftags&post=695"}],"curies":[{"name":"wp","href":"https:\/\/api.w.org\/{rel}","templated":true}]}}